{"id":954,"date":"2025-07-15T18:34:01","date_gmt":"2025-07-15T16:34:01","guid":{"rendered":"https:\/\/feeniks-koulu.fi\/wp_feeniks\/?p=954"},"modified":"2025-07-15T18:34:01","modified_gmt":"2025-07-15T16:34:01","slug":"kehittyva-koulu-yhdistyksen-jasenyys","status":"publish","type":"post","link":"https:\/\/feeniks-koulu.fi\/wp_feeniks\/kehittyva-koulu-yhdistyksen-jasenyys\/","title":{"rendered":"Kehittyv\u00e4 koulu -yhdistyksen j\u00e4senyys"},"content":{"rendered":"<p><a href=\"https:\/\/kehittyvakoulu.fi\" target=\"_blank\" rel=\"noopener\">Kehittyv\u00e4 koulu -yhdistys ry<\/a> on yhdistys, joka yll\u00e4pit\u00e4\u00e4 ja kehitt\u00e4\u00e4 Feeniks-nettikoulun toimintaa.<\/p>\n<p>Olemme parhaillaan uudistamassa yhdistyksen j\u00e4senyyksi\u00e4, ja syksyst\u00e4 2025 alkaen kaikki Feeniks-nettikoulun oppilaat tulevat automaattisesti olemaan yhdistyksen j\u00e4seni\u00e4. Lis\u00e4ksi j\u00e4seneksi voivat liitty\u00e4 maksutta Feeniksi\u00e4 k\u00e4ytt\u00e4v\u00e4n oppilaan sisarukset ja huoltajat.<\/p>\n<p>T\u00e4m\u00e4 muutos tekee mahdolliseksi sen, ett\u00e4 voimme suunnitella ja toteuttaa Feeniksin toimintaa entist\u00e4 selke\u00e4mmin juuri j\u00e4senille. J\u00e4senyys mahdollistaa esimerkiksi yksil\u00f6llisesti suunnattujen kurssien tarjoamisen sek\u00e4 oppilaille ett\u00e4 vanhemmille, yhteis\u00f6llisten tilaisuuksien j\u00e4rjest\u00e4misen ja perheiden toiveiden paremman huomioimisen.<\/p>\n<p><strong>Miten t\u00e4m\u00e4 toimii?<\/strong><\/p>\n<ul>\n<li aria-level=\"1\">J\u00e4senyys sis\u00e4ltyy Feeniksin k\u00e4ytt\u00f6maksuun, eik\u00e4 siit\u00e4 tule erillist\u00e4 lis\u00e4maksua.<\/li>\n<li aria-level=\"1\">Kun perhe lopettaa Feeniksin k\u00e4yt\u00f6n, j\u00e4senyys jatkuu kuluvan kalenterivuoden loppuun asti. T\u00e4m\u00e4n j\u00e4lkeen j\u00e4senyys p\u00e4\u00e4ttyy automaattisesti, ellei j\u00e4sen halua jatkaa j\u00e4senyytt\u00e4 ja maksaa j\u00e4senmaksua.<\/li>\n<li aria-level=\"1\">Yhdistyksen j\u00e4senen\u00e4 voi olla oppilas tai h\u00e4nen huoltajansa \u2013 tai molemmat, ja lis\u00e4ksi oppilaan sisaruksilla on oikeus liitty\u00e4 yhdistyksen j\u00e4seneksi maksutta sin\u00e4 vuonna kun oppilas on Feeniksin oppilaana.<\/li>\n<li aria-level=\"1\">J\u00e4senyyden my\u00f6t\u00e4 vanhemmille tarjotaan my\u00f6s omia mahdollisuuksia osallistua ja vaikuttaa.<\/li>\n<\/ul>\n<a class=\"synved-social-button synved-social-button-follow synved-social-size-48 synved-social-resolution-single synved-social-provider-facebook nolightbox\" data-provider=\"facebook\" target=\"_blank\" rel=\"nofollow\" title=\"Seuraa Facebookissa\" href=\"https:\/\/www.facebook.com\/feeniksnettikoulu\" style=\"font-size: 0px;width:48px;height:48px;margin:0;margin-bottom:5px;margin-right:5px\"><img loading=\"lazy\" decoding=\"async\" alt=\"Facebook\" title=\"Seuraa Facebookissa\" class=\"synved-share-image synved-social-image synved-social-image-follow\" width=\"48\" height=\"48\" style=\"display: inline;width:48px;height:48px;margin: 0;padding: 0;border: none;box-shadow: none\" src=\"https:\/\/feeniks-koulu.fi\/wp_feeniks\/wp-content\/plugins\/social-media-feather\/synved-social\/image\/social\/regular\/96x96\/facebook.png\" \/><\/a><a class=\"synved-social-button synved-social-button-follow synved-social-size-48 synved-social-resolution-single synved-social-provider-instagram nolightbox\" data-provider=\"instagram\" target=\"_blank\" rel=\"nofollow\" title=\"Seuraa Instagramissa\" href=\"https:\/\/www.instagram.com\/feeniksnettikoulu\/\" style=\"font-size: 0px;width:48px;height:48px;margin:0;margin-bottom:5px\"><img loading=\"lazy\" decoding=\"async\" alt=\"instagram\" title=\"Seuraa Instagramissa\" class=\"synved-share-image synved-social-image synved-social-image-follow\" width=\"48\" height=\"48\" style=\"display: inline;width:48px;height:48px;margin: 0;padding: 0;border: none;box-shadow: none\" src=\"https:\/\/feeniks-koulu.fi\/wp_feeniks\/wp-content\/plugins\/social-media-feather\/synved-social\/image\/social\/regular\/96x96\/instagram.png\" \/><\/a>","protected":false},"excerpt":{"rendered":"<p>Kehittyv\u00e4 koulu -yhdistys ry on yhdistys, joka yll\u00e4pit\u00e4\u00e4 ja kehitt\u00e4\u00e4 Feeniks-nettikoulun toimintaa. Olemme parhaillaan uudistamassa yhdistyksen j\u00e4senyyksi\u00e4, ja syksyst\u00e4 2025 alkaen kaikki Feeniks-nettikoulun oppilaat tulevat automaattisesti olemaan yhdistyksen j\u00e4seni\u00e4. Lis\u00e4ksi j\u00e4seneksi voivat liitty\u00e4 maksutta Feeniksi\u00e4 k\u00e4ytt\u00e4v\u00e4n oppilaan sisarukset ja huoltajat. T\u00e4m\u00e4 muutos tekee mahdolliseksi sen, ett\u00e4 voimme suunnitella ja toteuttaa Feeniksin toimintaa entist\u00e4 selke\u00e4mmin juuri [&hellip;]<\/p>\n","protected":false},"author":2,"featured_media":371,"comment_status":"closed","ping_status":"closed","sticky":false,"template":"","format":"standard","meta":{"_monsterinsights_skip_tracking":false,"_monsterinsights_sitenote_active":false,"_monsterinsights_sitenote_note":"","_monsterinsights_sitenote_category":0,"footnotes":""},"categories":[7],"tags":[],"class_list":["post-954","post","type-post","status-publish","format-standard","has-post-thumbnail","hentry","category-blogi"],"yoast_head":"<!-- This site is optimized with the Yoast SEO plugin v27.3 - https:\/\/yoast.com\/product\/yoast-seo-wordpress\/ -->\n<title>Kehittyv\u00e4 koulu -yhdistyksen j\u00e4senyys - Feeniks-nettikoulu<\/title>\n<meta name=\"robots\" content=\"index, follow, max-snippet:-1, max-image-preview:large, max-video-preview:-1\" \/>\n<link rel=\"canonical\" href=\"https:\/\/feeniks-koulu.fi\/wp_feeniks\/kehittyva-koulu-yhdistyksen-jasenyys\/\" \/>\n<meta property=\"og:locale\" content=\"fi_FI\" \/>\n<meta property=\"og:type\" content=\"article\" \/>\n<meta property=\"og:title\" content=\"Kehittyv\u00e4 koulu -yhdistyksen j\u00e4senyys - Feeniks-nettikoulu\" \/>\n<meta property=\"og:description\" content=\"Kehittyv\u00e4 koulu -yhdistys ry on yhdistys, joka yll\u00e4pit\u00e4\u00e4 ja kehitt\u00e4\u00e4 Feeniks-nettikoulun toimintaa. Olemme parhaillaan uudistamassa yhdistyksen j\u00e4senyyksi\u00e4, ja syksyst\u00e4 2025 alkaen kaikki Feeniks-nettikoulun oppilaat tulevat automaattisesti olemaan yhdistyksen j\u00e4seni\u00e4. Lis\u00e4ksi j\u00e4seneksi voivat liitty\u00e4 maksutta Feeniksi\u00e4 k\u00e4ytt\u00e4v\u00e4n oppilaan sisarukset ja huoltajat. T\u00e4m\u00e4 muutos tekee mahdolliseksi sen, ett\u00e4 voimme suunnitella ja toteuttaa Feeniksin toimintaa entist\u00e4 selke\u00e4mmin juuri [&hellip;]\" \/>\n<meta property=\"og:url\" content=\"https:\/\/feeniks-koulu.fi\/wp_feeniks\/kehittyva-koulu-yhdistyksen-jasenyys\/\" \/>\n<meta property=\"og:site_name\" content=\"Feeniks-nettikoulu\" \/>\n<meta property=\"article:published_time\" content=\"2025-07-15T16:34:01+00:00\" \/>\n<meta property=\"og:image\" content=\"https:\/\/feeniks-koulu.fi\/wp_feeniks\/wp-content\/uploads\/2021\/04\/Kotiopetuksessa-sosiaaliset-taidot-eivat-kehity-4-muuta-oletusta-kotikoulusta.jpg\" \/>\n\t<meta property=\"og:image:width\" content=\"1920\" \/>\n\t<meta property=\"og:image:height\" content=\"1079\" \/>\n\t<meta property=\"og:image:type\" content=\"image\/jpeg\" \/>\n<meta name=\"author\" content=\"Marko Koskinen\" \/>\n<meta name=\"twitter:card\" content=\"summary_large_image\" \/>\n<meta name=\"twitter:label1\" content=\"Kirjoittanut\" \/>\n\t<meta name=\"twitter:data1\" content=\"Marko Koskinen\" \/>\n\t<meta name=\"twitter:label2\" content=\"Arvioitu lukuaika\" \/>\n\t<meta name=\"twitter:data2\" content=\"2 minuuttia\" \/>\n<script type=\"application\/ld+json\" class=\"yoast-schema-graph\">{\"@context\":\"https:\\\/\\\/schema.org\",\"@graph\":[{\"@type\":\"Article\",\"@id\":\"https:\\\/\\\/feeniks-koulu.fi\\\/wp_feeniks\\\/kehittyva-koulu-yhdistyksen-jasenyys\\\/#article\",\"isPartOf\":{\"@id\":\"https:\\\/\\\/feeniks-koulu.fi\\\/wp_feeniks\\\/kehittyva-koulu-yhdistyksen-jasenyys\\\/\"},\"author\":{\"name\":\"Marko Koskinen\",\"@id\":\"https:\\\/\\\/feeniks-koulu.fi\\\/wp_feeniks\\\/#\\\/schema\\\/person\\\/d7507886fc30fef9012dee012dd61ca9\"},\"headline\":\"Kehittyv\u00e4 koulu -yhdistyksen j\u00e4senyys\",\"datePublished\":\"2025-07-15T16:34:01+00:00\",\"mainEntityOfPage\":{\"@id\":\"https:\\\/\\\/feeniks-koulu.fi\\\/wp_feeniks\\\/kehittyva-koulu-yhdistyksen-jasenyys\\\/\"},\"wordCount\":192,\"publisher\":{\"@id\":\"https:\\\/\\\/feeniks-koulu.fi\\\/wp_feeniks\\\/#organization\"},\"image\":{\"@id\":\"https:\\\/\\\/feeniks-koulu.fi\\\/wp_feeniks\\\/kehittyva-koulu-yhdistyksen-jasenyys\\\/#primaryimage\"},\"thumbnailUrl\":\"https:\\\/\\\/feeniks-koulu.fi\\\/wp_feeniks\\\/wp-content\\\/uploads\\\/2021\\\/04\\\/Kotiopetuksessa-sosiaaliset-taidot-eivat-kehity-4-muuta-oletusta-kotikoulusta.jpg\",\"articleSection\":[\"Blogi\"],\"inLanguage\":\"fi\"},{\"@type\":\"WebPage\",\"@id\":\"https:\\\/\\\/feeniks-koulu.fi\\\/wp_feeniks\\\/kehittyva-koulu-yhdistyksen-jasenyys\\\/\",\"url\":\"https:\\\/\\\/feeniks-koulu.fi\\\/wp_feeniks\\\/kehittyva-koulu-yhdistyksen-jasenyys\\\/\",\"name\":\"Kehittyv\u00e4 koulu -yhdistyksen j\u00e4senyys - Feeniks-nettikoulu\",\"isPartOf\":{\"@id\":\"https:\\\/\\\/feeniks-koulu.fi\\\/wp_feeniks\\\/#website\"},\"primaryImageOfPage\":{\"@id\":\"https:\\\/\\\/feeniks-koulu.fi\\\/wp_feeniks\\\/kehittyva-koulu-yhdistyksen-jasenyys\\\/#primaryimage\"},\"image\":{\"@id\":\"https:\\\/\\\/feeniks-koulu.fi\\\/wp_feeniks\\\/kehittyva-koulu-yhdistyksen-jasenyys\\\/#primaryimage\"},\"thumbnailUrl\":\"https:\\\/\\\/feeniks-koulu.fi\\\/wp_feeniks\\\/wp-content\\\/uploads\\\/2021\\\/04\\\/Kotiopetuksessa-sosiaaliset-taidot-eivat-kehity-4-muuta-oletusta-kotikoulusta.jpg\",\"datePublished\":\"2025-07-15T16:34:01+00:00\",\"breadcrumb\":{\"@id\":\"https:\\\/\\\/feeniks-koulu.fi\\\/wp_feeniks\\\/kehittyva-koulu-yhdistyksen-jasenyys\\\/#breadcrumb\"},\"inLanguage\":\"fi\",\"potentialAction\":[{\"@type\":\"ReadAction\",\"target\":[\"https:\\\/\\\/feeniks-koulu.fi\\\/wp_feeniks\\\/kehittyva-koulu-yhdistyksen-jasenyys\\\/\"]}]},{\"@type\":\"ImageObject\",\"inLanguage\":\"fi\",\"@id\":\"https:\\\/\\\/feeniks-koulu.fi\\\/wp_feeniks\\\/kehittyva-koulu-yhdistyksen-jasenyys\\\/#primaryimage\",\"url\":\"https:\\\/\\\/feeniks-koulu.fi\\\/wp_feeniks\\\/wp-content\\\/uploads\\\/2021\\\/04\\\/Kotiopetuksessa-sosiaaliset-taidot-eivat-kehity-4-muuta-oletusta-kotikoulusta.jpg\",\"contentUrl\":\"https:\\\/\\\/feeniks-koulu.fi\\\/wp_feeniks\\\/wp-content\\\/uploads\\\/2021\\\/04\\\/Kotiopetuksessa-sosiaaliset-taidot-eivat-kehity-4-muuta-oletusta-kotikoulusta.jpg\",\"width\":1920,\"height\":1079,\"caption\":\"Useimmat kotikouluperheet ovat kuulleet olettamuksen, ett\u00e4 kotiopetuksessa sosiaaliset taidot eiv\u00e4t muka kehittyisi. Mit\u00e4 muita oletuksia kotikoulua kohtaan on?\"},{\"@type\":\"BreadcrumbList\",\"@id\":\"https:\\\/\\\/feeniks-koulu.fi\\\/wp_feeniks\\\/kehittyva-koulu-yhdistyksen-jasenyys\\\/#breadcrumb\",\"itemListElement\":[{\"@type\":\"ListItem\",\"position\":1,\"name\":\"Etusivu\",\"item\":\"https:\\\/\\\/feeniks-koulu.fi\\\/wp_feeniks\\\/\"},{\"@type\":\"ListItem\",\"position\":2,\"name\":\"Kehittyv\u00e4 koulu -yhdistyksen j\u00e4senyys\"}]},{\"@type\":\"WebSite\",\"@id\":\"https:\\\/\\\/feeniks-koulu.fi\\\/wp_feeniks\\\/#website\",\"url\":\"https:\\\/\\\/feeniks-koulu.fi\\\/wp_feeniks\\\/\",\"name\":\"Feeniks-nettikoulu\",\"description\":\"\",\"publisher\":{\"@id\":\"https:\\\/\\\/feeniks-koulu.fi\\\/wp_feeniks\\\/#organization\"},\"potentialAction\":[{\"@type\":\"SearchAction\",\"target\":{\"@type\":\"EntryPoint\",\"urlTemplate\":\"https:\\\/\\\/feeniks-koulu.fi\\\/wp_feeniks\\\/?s={search_term_string}\"},\"query-input\":{\"@type\":\"PropertyValueSpecification\",\"valueRequired\":true,\"valueName\":\"search_term_string\"}}],\"inLanguage\":\"fi\"},{\"@type\":\"Organization\",\"@id\":\"https:\\\/\\\/feeniks-koulu.fi\\\/wp_feeniks\\\/#organization\",\"name\":\"Feeniks-nettikoulu\",\"url\":\"https:\\\/\\\/feeniks-koulu.fi\\\/wp_feeniks\\\/\",\"logo\":{\"@type\":\"ImageObject\",\"inLanguage\":\"fi\",\"@id\":\"https:\\\/\\\/feeniks-koulu.fi\\\/wp_feeniks\\\/#\\\/schema\\\/logo\\\/image\\\/\",\"url\":\"https:\\\/\\\/feeniks-koulu.fi\\\/wp_feeniks\\\/wp-content\\\/uploads\\\/2016\\\/08\\\/oranssi_pieni.png\",\"contentUrl\":\"https:\\\/\\\/feeniks-koulu.fi\\\/wp_feeniks\\\/wp-content\\\/uploads\\\/2016\\\/08\\\/oranssi_pieni.png\",\"width\":600,\"height\":187,\"caption\":\"Feeniks-nettikoulu\"},\"image\":{\"@id\":\"https:\\\/\\\/feeniks-koulu.fi\\\/wp_feeniks\\\/#\\\/schema\\\/logo\\\/image\\\/\"}},{\"@type\":\"Person\",\"@id\":\"https:\\\/\\\/feeniks-koulu.fi\\\/wp_feeniks\\\/#\\\/schema\\\/person\\\/d7507886fc30fef9012dee012dd61ca9\",\"name\":\"Marko Koskinen\",\"image\":{\"@type\":\"ImageObject\",\"inLanguage\":\"fi\",\"@id\":\"https:\\\/\\\/secure.gravatar.com\\\/avatar\\\/c1e7af2efa1ed958b45e9cc61e7bc3ab710d6ba844b0416e7a5e11fb72822d4b?s=96&d=mm&r=g\",\"url\":\"https:\\\/\\\/secure.gravatar.com\\\/avatar\\\/c1e7af2efa1ed958b45e9cc61e7bc3ab710d6ba844b0416e7a5e11fb72822d4b?s=96&d=mm&r=g\",\"contentUrl\":\"https:\\\/\\\/secure.gravatar.com\\\/avatar\\\/c1e7af2efa1ed958b45e9cc61e7bc3ab710d6ba844b0416e7a5e11fb72822d4b?s=96&d=mm&r=g\",\"caption\":\"Marko Koskinen\"},\"url\":\"https:\\\/\\\/feeniks-koulu.fi\\\/wp_feeniks\\\/author\\\/marko\\\/\"}]}<\/script>\n<!-- \/ Yoast SEO plugin. -->","yoast_head_json":{"title":"Kehittyv\u00e4 koulu -yhdistyksen j\u00e4senyys - Feeniks-nettikoulu","robots":{"index":"index","follow":"follow","max-snippet":"max-snippet:-1","max-image-preview":"max-image-preview:large","max-video-preview":"max-video-preview:-1"},"canonical":"https:\/\/feeniks-koulu.fi\/wp_feeniks\/kehittyva-koulu-yhdistyksen-jasenyys\/","og_locale":"fi_FI","og_type":"article","og_title":"Kehittyv\u00e4 koulu -yhdistyksen j\u00e4senyys - Feeniks-nettikoulu","og_description":"Kehittyv\u00e4 koulu -yhdistys ry on yhdistys, joka yll\u00e4pit\u00e4\u00e4 ja kehitt\u00e4\u00e4 Feeniks-nettikoulun toimintaa. Olemme parhaillaan uudistamassa yhdistyksen j\u00e4senyyksi\u00e4, ja syksyst\u00e4 2025 alkaen kaikki Feeniks-nettikoulun oppilaat tulevat automaattisesti olemaan yhdistyksen j\u00e4seni\u00e4. Lis\u00e4ksi j\u00e4seneksi voivat liitty\u00e4 maksutta Feeniksi\u00e4 k\u00e4ytt\u00e4v\u00e4n oppilaan sisarukset ja huoltajat. T\u00e4m\u00e4 muutos tekee mahdolliseksi sen, ett\u00e4 voimme suunnitella ja toteuttaa Feeniksin toimintaa entist\u00e4 selke\u00e4mmin juuri [&hellip;]","og_url":"https:\/\/feeniks-koulu.fi\/wp_feeniks\/kehittyva-koulu-yhdistyksen-jasenyys\/","og_site_name":"Feeniks-nettikoulu","article_published_time":"2025-07-15T16:34:01+00:00","og_image":[{"width":1920,"height":1079,"url":"https:\/\/feeniks-koulu.fi\/wp_feeniks\/wp-content\/uploads\/2021\/04\/Kotiopetuksessa-sosiaaliset-taidot-eivat-kehity-4-muuta-oletusta-kotikoulusta.jpg","type":"image\/jpeg"}],"author":"Marko Koskinen","twitter_card":"summary_large_image","twitter_misc":{"Kirjoittanut":"Marko Koskinen","Arvioitu lukuaika":"2 minuuttia"},"schema":{"@context":"https:\/\/schema.org","@graph":[{"@type":"Article","@id":"https:\/\/feeniks-koulu.fi\/wp_feeniks\/kehittyva-koulu-yhdistyksen-jasenyys\/#article","isPartOf":{"@id":"https:\/\/feeniks-koulu.fi\/wp_feeniks\/kehittyva-koulu-yhdistyksen-jasenyys\/"},"author":{"name":"Marko Koskinen","@id":"https:\/\/feeniks-koulu.fi\/wp_feeniks\/#\/schema\/person\/d7507886fc30fef9012dee012dd61ca9"},"headline":"Kehittyv\u00e4 koulu -yhdistyksen j\u00e4senyys","datePublished":"2025-07-15T16:34:01+00:00","mainEntityOfPage":{"@id":"https:\/\/feeniks-koulu.fi\/wp_feeniks\/kehittyva-koulu-yhdistyksen-jasenyys\/"},"wordCount":192,"publisher":{"@id":"https:\/\/feeniks-koulu.fi\/wp_feeniks\/#organization"},"image":{"@id":"https:\/\/feeniks-koulu.fi\/wp_feeniks\/kehittyva-koulu-yhdistyksen-jasenyys\/#primaryimage"},"thumbnailUrl":"https:\/\/feeniks-koulu.fi\/wp_feeniks\/wp-content\/uploads\/2021\/04\/Kotiopetuksessa-sosiaaliset-taidot-eivat-kehity-4-muuta-oletusta-kotikoulusta.jpg","articleSection":["Blogi"],"inLanguage":"fi"},{"@type":"WebPage","@id":"https:\/\/feeniks-koulu.fi\/wp_feeniks\/kehittyva-koulu-yhdistyksen-jasenyys\/","url":"https:\/\/feeniks-koulu.fi\/wp_feeniks\/kehittyva-koulu-yhdistyksen-jasenyys\/","name":"Kehittyv\u00e4 koulu -yhdistyksen j\u00e4senyys - Feeniks-nettikoulu","isPartOf":{"@id":"https:\/\/feeniks-koulu.fi\/wp_feeniks\/#website"},"primaryImageOfPage":{"@id":"https:\/\/feeniks-koulu.fi\/wp_feeniks\/kehittyva-koulu-yhdistyksen-jasenyys\/#primaryimage"},"image":{"@id":"https:\/\/feeniks-koulu.fi\/wp_feeniks\/kehittyva-koulu-yhdistyksen-jasenyys\/#primaryimage"},"thumbnailUrl":"https:\/\/feeniks-koulu.fi\/wp_feeniks\/wp-content\/uploads\/2021\/04\/Kotiopetuksessa-sosiaaliset-taidot-eivat-kehity-4-muuta-oletusta-kotikoulusta.jpg","datePublished":"2025-07-15T16:34:01+00:00","breadcrumb":{"@id":"https:\/\/feeniks-koulu.fi\/wp_feeniks\/kehittyva-koulu-yhdistyksen-jasenyys\/#breadcrumb"},"inLanguage":"fi","potentialAction":[{"@type":"ReadAction","target":["https:\/\/feeniks-koulu.fi\/wp_feeniks\/kehittyva-koulu-yhdistyksen-jasenyys\/"]}]},{"@type":"ImageObject","inLanguage":"fi","@id":"https:\/\/feeniks-koulu.fi\/wp_feeniks\/kehittyva-koulu-yhdistyksen-jasenyys\/#primaryimage","url":"https:\/\/feeniks-koulu.fi\/wp_feeniks\/wp-content\/uploads\/2021\/04\/Kotiopetuksessa-sosiaaliset-taidot-eivat-kehity-4-muuta-oletusta-kotikoulusta.jpg","contentUrl":"https:\/\/feeniks-koulu.fi\/wp_feeniks\/wp-content\/uploads\/2021\/04\/Kotiopetuksessa-sosiaaliset-taidot-eivat-kehity-4-muuta-oletusta-kotikoulusta.jpg","width":1920,"height":1079,"caption":"Useimmat kotikouluperheet ovat kuulleet olettamuksen, ett\u00e4 kotiopetuksessa sosiaaliset taidot eiv\u00e4t muka kehittyisi. Mit\u00e4 muita oletuksia kotikoulua kohtaan on?"},{"@type":"BreadcrumbList","@id":"https:\/\/feeniks-koulu.fi\/wp_feeniks\/kehittyva-koulu-yhdistyksen-jasenyys\/#breadcrumb","itemListElement":[{"@type":"ListItem","position":1,"name":"Etusivu","item":"https:\/\/feeniks-koulu.fi\/wp_feeniks\/"},{"@type":"ListItem","position":2,"name":"Kehittyv\u00e4 koulu -yhdistyksen j\u00e4senyys"}]},{"@type":"WebSite","@id":"https:\/\/feeniks-koulu.fi\/wp_feeniks\/#website","url":"https:\/\/feeniks-koulu.fi\/wp_feeniks\/","name":"Feeniks-nettikoulu","description":"","publisher":{"@id":"https:\/\/feeniks-koulu.fi\/wp_feeniks\/#organization"},"potentialAction":[{"@type":"SearchAction","target":{"@type":"EntryPoint","urlTemplate":"https:\/\/feeniks-koulu.fi\/wp_feeniks\/?s={search_term_string}"},"query-input":{"@type":"PropertyValueSpecification","valueRequired":true,"valueName":"search_term_string"}}],"inLanguage":"fi"},{"@type":"Organization","@id":"https:\/\/feeniks-koulu.fi\/wp_feeniks\/#organization","name":"Feeniks-nettikoulu","url":"https:\/\/feeniks-koulu.fi\/wp_feeniks\/","logo":{"@type":"ImageObject","inLanguage":"fi","@id":"https:\/\/feeniks-koulu.fi\/wp_feeniks\/#\/schema\/logo\/image\/","url":"https:\/\/feeniks-koulu.fi\/wp_feeniks\/wp-content\/uploads\/2016\/08\/oranssi_pieni.png","contentUrl":"https:\/\/feeniks-koulu.fi\/wp_feeniks\/wp-content\/uploads\/2016\/08\/oranssi_pieni.png","width":600,"height":187,"caption":"Feeniks-nettikoulu"},"image":{"@id":"https:\/\/feeniks-koulu.fi\/wp_feeniks\/#\/schema\/logo\/image\/"}},{"@type":"Person","@id":"https:\/\/feeniks-koulu.fi\/wp_feeniks\/#\/schema\/person\/d7507886fc30fef9012dee012dd61ca9","name":"Marko Koskinen","image":{"@type":"ImageObject","inLanguage":"fi","@id":"https:\/\/secure.gravatar.com\/avatar\/c1e7af2efa1ed958b45e9cc61e7bc3ab710d6ba844b0416e7a5e11fb72822d4b?s=96&d=mm&r=g","url":"https:\/\/secure.gravatar.com\/avatar\/c1e7af2efa1ed958b45e9cc61e7bc3ab710d6ba844b0416e7a5e11fb72822d4b?s=96&d=mm&r=g","contentUrl":"https:\/\/secure.gravatar.com\/avatar\/c1e7af2efa1ed958b45e9cc61e7bc3ab710d6ba844b0416e7a5e11fb72822d4b?s=96&d=mm&r=g","caption":"Marko Koskinen"},"url":"https:\/\/feeniks-koulu.fi\/wp_feeniks\/author\/marko\/"}]}},"_links":{"self":[{"href":"https:\/\/feeniks-koulu.fi\/wp_feeniks\/wp-json\/wp\/v2\/posts\/954","targetHints":{"allow":["GET"]}}],"collection":[{"href":"https:\/\/feeniks-koulu.fi\/wp_feeniks\/wp-json\/wp\/v2\/posts"}],"about":[{"href":"https:\/\/feeniks-koulu.fi\/wp_feeniks\/wp-json\/wp\/v2\/types\/post"}],"author":[{"embeddable":true,"href":"https:\/\/feeniks-koulu.fi\/wp_feeniks\/wp-json\/wp\/v2\/users\/2"}],"replies":[{"embeddable":true,"href":"https:\/\/feeniks-koulu.fi\/wp_feeniks\/wp-json\/wp\/v2\/comments?post=954"}],"version-history":[{"count":1,"href":"https:\/\/feeniks-koulu.fi\/wp_feeniks\/wp-json\/wp\/v2\/posts\/954\/revisions"}],"predecessor-version":[{"id":955,"href":"https:\/\/feeniks-koulu.fi\/wp_feeniks\/wp-json\/wp\/v2\/posts\/954\/revisions\/955"}],"wp:featuredmedia":[{"embeddable":true,"href":"https:\/\/feeniks-koulu.fi\/wp_feeniks\/wp-json\/wp\/v2\/media\/371"}],"wp:attachment":[{"href":"https:\/\/feeniks-koulu.fi\/wp_feeniks\/wp-json\/wp\/v2\/media?parent=954"}],"wp:term":[{"taxonomy":"category","embeddable":true,"href":"https:\/\/feeniks-koulu.fi\/wp_feeniks\/wp-json\/wp\/v2\/categories?post=954"},{"taxonomy":"post_tag","embeddable":true,"href":"https:\/\/feeniks-koulu.fi\/wp_feeniks\/wp-json\/wp\/v2\/tags?post=954"}],"curies":[{"name":"wp","href":"https:\/\/api.w.org\/{rel}","templated":true}]}}