{"id":1435,"date":"2026-03-12T20:30:41","date_gmt":"2026-03-12T18:30:41","guid":{"rendered":"https:\/\/feeniks-koulu.fi\/wp_feeniks\/?p=1435"},"modified":"2026-03-12T21:43:26","modified_gmt":"2026-03-12T19:43:26","slug":"haastattelussa-feeniks-nettikoulun-toiminnanjohtaja","status":"publish","type":"post","link":"https:\/\/feeniks-koulu.fi\/wp_feeniks\/haastattelussa-feeniks-nettikoulun-toiminnanjohtaja\/","title":{"rendered":"Haastattelussa Feeniks-nettikoulun toiminnanjohtaja"},"content":{"rendered":"<h2><span style=\"font-weight: 400;\">Haastattelussa Feeniks-nettikoulun toiminnanjohtaja: &#8221;Kotiopetus on rohkea valinta lapsen hyvinvoinnin tueksi&#8221;<\/span><\/h2>\n<h3><span style=\"font-weight: 400;\">Reitti vapaaehtoisesta toiminnanjohtajaksi<\/span><\/h3>\n<p><b>Miten p\u00e4\u00e4dyit Feeniks-nettikouluun ohjaajaksi?<\/b><\/p>\n<p><span style=\"font-weight: 400;\">Olin ollut pitk\u00e4\u00e4n mukana Turun Feeniks-koulun toiminnassa ja tunsin sit\u00e4 kautta nettikoulun v\u00e4ke\u00e4. Jossain vaiheessa p\u00e4\u00e4tin kysell\u00e4, olisiko heill\u00e4 tarvetta uudelle ty\u00f6ntekij\u00e4lle. Aloitin ohjaajan ty\u00f6ss\u00e4 tekem\u00e4ll\u00e4 perheille opintosuunnitelmia, ja pikkuhiljaa polkuni johti nykyiseen pestiini toiminnanjohtajaksi. Oli hienoa p\u00e4\u00e4st\u00e4 tekem\u00e4\u00e4n ammatikseen ty\u00f6t\u00e4, jota olin tehnyt vapaaehtoispohjalta jo vuosia.<\/span><\/p>\n<p><b>Mik\u00e4 veti sinua puoleensa juuri et\u00e4opetuksen maailmassa?<\/b><\/p>\n<p><span style=\"font-weight: 400;\">Oma lapseni on kotiopetuksessa, joten teema on minulle henkil\u00f6kohtaisesti t\u00e4rke\u00e4. Haluan olla mukana mahdollistamassa vaihtoehtoja perinteiselle koululle. Ty\u00f6ss\u00e4ni p\u00e4\u00e4sen hy\u00f6dynt\u00e4m\u00e4\u00e4n kertynytt\u00e4 tietoani kotiopetuksesta ja jakamaan ymm\u00e4rryst\u00e4 siit\u00e4, miten perusopetuksen oppim\u00e4\u00e4r\u00e4n voi suorittaa muillakin tavoilla kuin luokkahuoneessa.<\/span><\/p>\n<p><b>Onko eroa siin\u00e4, ett\u00e4 opettaako aikuisille vai lapsille?<\/b><\/p>\n<p><span style=\"font-weight: 400;\">Kyll\u00e4 niiss\u00e4 on paljonkin eroa. Aikuiset opiskelevat usein tietty\u00e4 itse valitsemaansa aihetta, johon heill\u00e4 on vahva motivaatio. Perusopetuksessa taas oppiaineita ei voi samalla tavalla valita, vaan opetussuunnitelma m\u00e4\u00e4rittelee raamit sille, mit\u00e4 on opiskeltava.\u00a0<\/span><\/p>\n<p><b>Millainen koulutus ja ty\u00f6polku sinulla on ollut?<\/b><\/p>\n<p><span style=\"font-weight: 400;\">Olen koulutukseltani luokanopettaja. Valmistumiseni j\u00e4lkeen ty\u00f6skentelin muutaman vuoden Turun yliopistolla projektitutkijana hankkeessa, jossa tutkittiin pienten lasten matematiikan oppimista. T\u00e4m\u00e4n j\u00e4lkeen olen mm. toiminut opettajana Turun Feeniks-koulussa, tehnyt sijaisuuksia aikuisten maahanmuuttajien perusopetuksessa ja ty\u00f6skennellyt Feeniks-nettikoulussa.<\/span><\/p>\n<p><b>Teetk\u00f6 t\u00e4ll\u00e4 hetkell\u00e4 my\u00f6s muita t\u00f6it\u00e4? Tukevatko eri roolit toisiaan?<\/b><\/p>\n<p><span style=\"font-weight: 400;\">Kotiopetan omaa lastani, mink\u00e4 lis\u00e4ksi tarjoan nettikoulun ulkopuolista tukea kotiopetukseen ja myyn aiheeseen liittyv\u00e4\u00e4 materiaalia omassa <a href=\"https:\/\/miljaheinonen.fi\/\" target=\"_blank\" rel=\"noopener\">verkkokaupassani<\/a>. Oman lapsen kotiopettaminen tuo valtavasti k\u00e4yt\u00e4nn\u00f6n kokemusta ja n\u00e4kemyst\u00e4, joka valuu suoraan ammatillisen osaamiseni tueksi.<\/span><\/p>\n<p><b>Opintosuunnitelmien tekeminen on iso osa ty\u00f6t\u00e4si. Kuinka t\u00e4rke\u00e4n\u00e4 pid\u00e4t sit\u00e4?<\/b><\/p>\n<p><span style=\"font-weight: 400;\">Rakastan suunnittelua! Teen sit\u00e4 paljon ja saan perheilt\u00e4 jatkuvasti positiivista palautetta siit\u00e4, ett\u00e4 suunnitelma tuo vihdoin selkeytt\u00e4 arkeen. Se, ett\u00e4 tiet\u00e4\u00e4 tarkalleen, mit\u00e4 seuraavan puolen vuoden aikana k\u00e4sitell\u00e4\u00e4n, luo perheille turvaa ja luottamusta. Vaikka suunnitelmien pohja on samankaltainen, jokaisen oppilaan lopullinen suunnitelma on t\u00e4ysin yksil\u00f6llinen.<\/span><\/p>\n<p><b>Mik\u00e4 on t\u00e4rkein ty\u00f6kalu tai taito ty\u00f6ss\u00e4si?<\/b><\/p>\n<p><span style=\"font-weight: 400;\">Opetussuunnitelmien syv\u00e4llinen tunteminen on korvaamaton apu ja k\u00e4yn eri kuntien opetussuunnitelmia l\u00e4pi viikoittain. Vuosien varrella karttunut tieto auttaa minua opastamaan perheit\u00e4 niin, ettei heid\u00e4n tarvitse aloittaa kaikkea nollasta. My\u00f6s aito kohtaaminen on t\u00e4rke\u00e4\u00e4; perheet p\u00e4\u00e4tyv\u00e4t kotiopetukseen hyvin erilaisista syist\u00e4, ja silloin henkinen tuki on avainasemassa.<\/span><\/p>\n<p><b>Miten rakennat luottamusta oppilaaseen ja perheeseen et\u00e4n\u00e4?<\/b><\/p>\n<p><span style=\"font-weight: 400;\">Kaikki l\u00e4htee kuuntelemisesta &#8211; pyrin kuuntelemaan perheiden toiveita ja suunnitelmat tehd\u00e4\u00e4n aina heid\u00e4n toiveistaan k\u00e4sin. Minulla on tiedossa raamit, mink\u00e4 sis\u00e4ll\u00e4 liikutaan ja perheet p\u00e4\u00e4tt\u00e4v\u00e4t, miten kotiopetusta toteutetaan. Pyrin aina tukemaan ja antamaan esimerkkej\u00e4, miten asioita voi ratkaista. P\u00e4\u00e4t\u00f6svalta on aina kuitenkin perheill\u00e4 ja se on t\u00e4ss\u00e4 ty\u00f6ss\u00e4 t\u00e4rke\u00e4 tiedostaa. Koulussa on v\u00e4hemm\u00e4n joustoa asioiden suhteen, mutta kotikoulussa moni asia mahdollistuu. Esimerkiksi opintojen jaksotus aineittain on mahdollista.<\/span><\/p>\n<p><b>Mist\u00e4 nautit eniten ty\u00f6ss\u00e4si?<\/b><\/p>\n<p><span style=\"font-weight: 400;\">Minusta erilaisten perheiden kohtaaminen ja heid\u00e4n tarinoidensa kuuleminen on todella mielenkiintoista. Nautin siit\u00e4, kun voin jakaa tietoa muiden hy\u00f6dyksi ja tuoda perheille toiveikkuutta. My\u00f6s meid\u00e4n mahtava Feeniks-tiimimme tekee t\u00f6iden tekemisest\u00e4 mukavaa\u00a0 ja merkityksellist\u00e4.<\/span><\/p>\n<p><b>Mik\u00e4 saa sinut hymyilem\u00e4\u00e4n ty\u00f6p\u00e4iv\u00e4n p\u00e4\u00e4tteeksi?<\/b><\/p>\n<p><span style=\"font-weight: 400;\">Parasta on se, kun huomaan voineeni auttaa tai kun oppilas l\u00f6yt\u00e4\u00e4 itselleen toimivan tavan oppia. On hienoa n\u00e4hd\u00e4, miten perheet ovat tehneet rohkeita ja vaikeitakin p\u00e4\u00e4t\u00f6ksi\u00e4 oman lapsensa hyvinvoinnin tueksi \u2013 oli se sitten siirtyminen kotiopetukseen tai paluu takaisin kouluun.<\/span><\/p>\n<p><b>Mik\u00e4 on ollut mieleenpainuvin onnistumisesi?<\/b><\/p>\n<p><span style=\"font-weight: 400;\">Ei tule mieleen yht\u00e4 yksitt\u00e4ist\u00e4 tapausta, ennemminkin suurimpia onnistumisia ovat mielest\u00e4ni ne pitk\u00e4aikaiset asiakkuudet, joissa olen saanut seurata lapsen kehityst\u00e4 usean vuoden ajan ja n\u00e4hd\u00e4, miten hyvin kotiopetus on heill\u00e4 toiminut ja ratkaisu kotikouluun siirtymisest\u00e4 oli toimiva.<\/span><\/p>\n<p><b>Ent\u00e4 haaste?<\/b><\/p>\n<p><span style=\"font-weight: 400;\">Aluksi opetussuunnitelmien eli OPSien haltuunotto oli todella ty\u00f6l\u00e4st\u00e4. K\u00e4ytin valtavasti aikaa niiden l\u00e4pik\u00e4ymiseen ja opintosuunnitelmien hiomiseen ennen kuin rutiini l\u00f6ytyi.\u00a0<\/span><\/p>\n<p><b>Mit\u00e4 etuja et\u00e4ohjaus tarjoaa verrattuna perinteiseen kouluun?<\/b><\/p>\n<p><span style=\"font-weight: 400;\">Ehdottomasti joustavuus ja paikkariippumattomuus. Voin auttaa perheit\u00e4 ymp\u00e4ri Suomen ja jopa ulkomailla. Suomessa on vain kourallinen kotiopetukseen syv\u00e4llisesti perehtyneit\u00e4 asiantuntijoita, joten on t\u00e4rke\u00e4\u00e4, ett\u00e4 apu tavoittaa perheet asuinpaikasta riippumatta.<\/span><\/p>\n<p><b>Millaisia tulevaisuudensuunnitelmia sinulla on?<\/b><\/p>\n<p><span style=\"font-weight: 400;\">Haluan kehitt\u00e4\u00e4 Feeniks-nettikoulua ja sen ominaisuuksia edelleen. Toimintaamme ohjaa voittoa tavoittelematon <\/span><a href=\"https:\/\/kehittyvakoulu.fi\/\" target=\"_blank\" rel=\"noopener\"><i><span style=\"font-weight: 400;\">Kehittyv\u00e4 koulu ry<\/span><\/i><\/a><span style=\"font-weight: 400;\">, jonka perusteht\u00e4v\u00e4 on tukea lasten aitoa osallisuutta omassa oppimisessaan.<\/span><\/p>\n<p><span style=\"font-weight: 400;\">Haluaisin my\u00f6s, ett\u00e4 kotikoululle tulisi jotenkin selke\u00e4 ja tunnustettu asema peruskoulun rinnalle. Nykyisin valvonta on kirjavaa ja riippuu t\u00e4ysin kunnasta tai tutkivasta opettajasta. Yhten\u00e4iset s\u00e4\u00e4nn\u00f6t toisivat vakautta ja takaisivat kaikille kotioppijoille samat oikeudet sek\u00e4 helpottaisivat kuntien ja valvovien opettajien ty\u00f6t\u00e4. Esimerkiksi oikeus koulukirjoihin ja kouluterveydenhuoltoon voisi olla jokaisen lapsen perusoikeus.<\/span><\/p>\n<p><span style=\"font-weight: 400;\">Toivoisin my\u00f6s, ett\u00e4 kotikoulua ei kyseenalaistettaisi tai leimattaisi median taholta, kuten l\u00e4hiaikoina on tehty. Kotikouluun p\u00e4\u00e4dyt\u00e4\u00e4n niin monenlaisista syist\u00e4 ja peruskoulu ei ole aina kaikille turvallinen tai edes mahdollinen paikka opiskella.<\/span><\/p>\n<p><b>Miten uskot Feeniks-nettikoulun tai et\u00e4koulun muuttuvan seuraavan viiden vuoden aikana?<\/b><\/p>\n<p><span style=\"font-weight: 400;\">Toivon, ett\u00e4 perusopetukseen tulisi lis\u00e4\u00e4 vaihtoehtoja esimerkiksi neurokirjon lapsille. Esim. Kulkurikoulu tekee t\u00e4ss\u00e4 hienoa ty\u00f6t\u00e4, mutta se on saatavilla vain ulkomailla opiskeleville. Me laajennamme Feeniks-nettikoulun <a href=\"https:\/\/feeniks-koulu.fi\/wp_feeniks\/kurssit\/\">kurssitarjontaa<\/a> jatkuvasti, jotta oppilaat saavat entist\u00e4 enemm\u00e4n tukea opiskeluunsa.<\/span><\/p>\n<p><b>Millaisia terveisi\u00e4 l\u00e4hett\u00e4isit kotiopetusta harkitsevalle perheelle?<\/b><\/p>\n<p><span style=\"font-weight: 400;\">Tukea on saatavilla, eik\u00e4 kaikkea tarvitse tiet\u00e4\u00e4 tai hallita yksin. Meille voi aina laittaa viesti\u00e4 ja tulla tutustumaan maksuttomaan esittelyyn. Esittelyn yhteydess\u00e4 meilt\u00e4 saa my\u00f6s paljon muuta neuvoa. Muistakaa, ett\u00e4 kotiopetus ei ole v\u00e4ltt\u00e4m\u00e4tt\u00e4 loppuel\u00e4m\u00e4n ratkaisu \u2013 kouluun voi aina palata, jos silt\u00e4 tuntuu. Kannattaa my\u00f6s hy\u00f6dynt\u00e4\u00e4 kotiopettajien tiiviit\u00e4 yhteis\u00f6j\u00e4 kokemusten vaihtoon.<\/span><\/p>\n<p><span style=\"font-weight: 400;\">L\u00f6yd\u00e4t Miljan verkosta:<\/span><\/p>\n<p><a href=\"https:\/\/miljaheinonen.fi\/\">Miljan verkkosivut<\/a><br \/>\n<a href=\"https:\/\/www.instagram.com\/miljain\/\">Milja Instagramissa<\/a><\/p>\n<a class=\"synved-social-button synved-social-button-follow synved-social-size-48 synved-social-resolution-single synved-social-provider-facebook nolightbox\" data-provider=\"facebook\" target=\"_blank\" rel=\"nofollow\" title=\"Seuraa Facebookissa\" href=\"https:\/\/www.facebook.com\/feeniksnettikoulu\" style=\"font-size: 0px;width:48px;height:48px;margin:0;margin-bottom:5px;margin-right:5px\"><img loading=\"lazy\" decoding=\"async\" alt=\"Facebook\" title=\"Seuraa Facebookissa\" class=\"synved-share-image synved-social-image synved-social-image-follow\" width=\"48\" height=\"48\" style=\"display: inline;width:48px;height:48px;margin: 0;padding: 0;border: none;box-shadow: none\" src=\"https:\/\/feeniks-koulu.fi\/wp_feeniks\/wp-content\/plugins\/social-media-feather\/synved-social\/image\/social\/regular\/96x96\/facebook.png\" \/><\/a><a class=\"synved-social-button synved-social-button-follow synved-social-size-48 synved-social-resolution-single synved-social-provider-instagram nolightbox\" data-provider=\"instagram\" target=\"_blank\" rel=\"nofollow\" title=\"Seuraa Instagramissa\" href=\"https:\/\/www.instagram.com\/feeniksnettikoulu\/\" style=\"font-size: 0px;width:48px;height:48px;margin:0;margin-bottom:5px\"><img loading=\"lazy\" decoding=\"async\" alt=\"instagram\" title=\"Seuraa Instagramissa\" class=\"synved-share-image synved-social-image synved-social-image-follow\" width=\"48\" height=\"48\" style=\"display: inline;width:48px;height:48px;margin: 0;padding: 0;border: none;box-shadow: none\" src=\"https:\/\/feeniks-koulu.fi\/wp_feeniks\/wp-content\/plugins\/social-media-feather\/synved-social\/image\/social\/regular\/96x96\/instagram.png\" \/><\/a>","protected":false},"excerpt":{"rendered":"<p>Haastattelussa Feeniks-nettikoulun toiminnanjohtaja: &#8221;Kotiopetus on rohkea valinta lapsen hyvinvoinnin tueksi&#8221; Reitti vapaaehtoisesta toiminnanjohtajaksi Miten p\u00e4\u00e4dyit Feeniks-nettikouluun ohjaajaksi? Olin ollut pitk\u00e4\u00e4n mukana Turun Feeniks-koulun toiminnassa ja tunsin sit\u00e4 kautta nettikoulun v\u00e4ke\u00e4. Jossain vaiheessa p\u00e4\u00e4tin kysell\u00e4, olisiko heill\u00e4 tarvetta uudelle ty\u00f6ntekij\u00e4lle. Aloitin ohjaajan ty\u00f6ss\u00e4 tekem\u00e4ll\u00e4 perheille opintosuunnitelmia, ja pikkuhiljaa polkuni johti nykyiseen pestiini toiminnanjohtajaksi. Oli hienoa p\u00e4\u00e4st\u00e4 [&hellip;]<\/p>\n","protected":false},"author":1,"featured_media":1444,"comment_status":"closed","ping_status":"closed","sticky":false,"template":"","format":"standard","meta":{"_monsterinsights_skip_tracking":false,"_monsterinsights_sitenote_active":false,"_monsterinsights_sitenote_note":"","_monsterinsights_sitenote_category":0,"footnotes":""},"categories":[7],"tags":[],"class_list":["post-1435","post","type-post","status-publish","format-standard","has-post-thumbnail","hentry","category-blogi"],"yoast_head":"<!-- This site is optimized with the Yoast SEO plugin v27.3 - https:\/\/yoast.com\/product\/yoast-seo-wordpress\/ -->\n<title>Haastattelussa Feeniks-nettikoulun toiminnanjohtaja - Feeniks-nettikoulu<\/title>\n<meta name=\"robots\" content=\"index, follow, max-snippet:-1, max-image-preview:large, max-video-preview:-1\" \/>\n<link rel=\"canonical\" href=\"https:\/\/feeniks-koulu.fi\/wp_feeniks\/haastattelussa-feeniks-nettikoulun-toiminnanjohtaja\/\" \/>\n<meta property=\"og:locale\" content=\"fi_FI\" \/>\n<meta property=\"og:type\" content=\"article\" \/>\n<meta property=\"og:title\" content=\"Haastattelussa Feeniks-nettikoulun toiminnanjohtaja - Feeniks-nettikoulu\" \/>\n<meta property=\"og:description\" content=\"Haastattelussa Feeniks-nettikoulun toiminnanjohtaja: &#8221;Kotiopetus on rohkea valinta lapsen hyvinvoinnin tueksi&#8221; Reitti vapaaehtoisesta toiminnanjohtajaksi Miten p\u00e4\u00e4dyit Feeniks-nettikouluun ohjaajaksi? Olin ollut pitk\u00e4\u00e4n mukana Turun Feeniks-koulun toiminnassa ja tunsin sit\u00e4 kautta nettikoulun v\u00e4ke\u00e4. Jossain vaiheessa p\u00e4\u00e4tin kysell\u00e4, olisiko heill\u00e4 tarvetta uudelle ty\u00f6ntekij\u00e4lle. Aloitin ohjaajan ty\u00f6ss\u00e4 tekem\u00e4ll\u00e4 perheille opintosuunnitelmia, ja pikkuhiljaa polkuni johti nykyiseen pestiini toiminnanjohtajaksi. Oli hienoa p\u00e4\u00e4st\u00e4 [&hellip;]\" \/>\n<meta property=\"og:url\" content=\"https:\/\/feeniks-koulu.fi\/wp_feeniks\/haastattelussa-feeniks-nettikoulun-toiminnanjohtaja\/\" \/>\n<meta property=\"og:site_name\" content=\"Feeniks-nettikoulu\" \/>\n<meta property=\"article:published_time\" content=\"2026-03-12T18:30:41+00:00\" \/>\n<meta property=\"article:modified_time\" content=\"2026-03-12T19:43:26+00:00\" \/>\n<meta property=\"og:image\" content=\"https:\/\/feeniks-koulu.fi\/wp_feeniks\/wp-content\/uploads\/2026\/03\/milja_vaaka.jpg\" \/>\n\t<meta property=\"og:image:width\" content=\"1200\" \/>\n\t<meta property=\"og:image:height\" content=\"966\" \/>\n\t<meta property=\"og:image:type\" content=\"image\/jpeg\" \/>\n<meta name=\"author\" content=\"feeniks\" \/>\n<meta name=\"twitter:card\" content=\"summary_large_image\" \/>\n<meta name=\"twitter:label1\" content=\"Kirjoittanut\" \/>\n\t<meta name=\"twitter:data1\" content=\"feeniks\" \/>\n\t<meta name=\"twitter:label2\" content=\"Arvioitu lukuaika\" \/>\n\t<meta name=\"twitter:data2\" content=\"6 minuuttia\" \/>\n<script type=\"application\/ld+json\" class=\"yoast-schema-graph\">{\"@context\":\"https:\\\/\\\/schema.org\",\"@graph\":[{\"@type\":\"Article\",\"@id\":\"https:\\\/\\\/feeniks-koulu.fi\\\/wp_feeniks\\\/haastattelussa-feeniks-nettikoulun-toiminnanjohtaja\\\/#article\",\"isPartOf\":{\"@id\":\"https:\\\/\\\/feeniks-koulu.fi\\\/wp_feeniks\\\/haastattelussa-feeniks-nettikoulun-toiminnanjohtaja\\\/\"},\"author\":{\"name\":\"feeniks\",\"@id\":\"https:\\\/\\\/feeniks-koulu.fi\\\/wp_feeniks\\\/#\\\/schema\\\/person\\\/4afa53a61e7dcd77cc3d7a28d1e988a2\"},\"headline\":\"Haastattelussa Feeniks-nettikoulun toiminnanjohtaja\",\"datePublished\":\"2026-03-12T18:30:41+00:00\",\"dateModified\":\"2026-03-12T19:43:26+00:00\",\"mainEntityOfPage\":{\"@id\":\"https:\\\/\\\/feeniks-koulu.fi\\\/wp_feeniks\\\/haastattelussa-feeniks-nettikoulun-toiminnanjohtaja\\\/\"},\"wordCount\":947,\"publisher\":{\"@id\":\"https:\\\/\\\/feeniks-koulu.fi\\\/wp_feeniks\\\/#organization\"},\"image\":{\"@id\":\"https:\\\/\\\/feeniks-koulu.fi\\\/wp_feeniks\\\/haastattelussa-feeniks-nettikoulun-toiminnanjohtaja\\\/#primaryimage\"},\"thumbnailUrl\":\"https:\\\/\\\/feeniks-koulu.fi\\\/wp_feeniks\\\/wp-content\\\/uploads\\\/2026\\\/03\\\/milja_vaaka.jpg\",\"articleSection\":[\"Blogi\"],\"inLanguage\":\"fi\"},{\"@type\":\"WebPage\",\"@id\":\"https:\\\/\\\/feeniks-koulu.fi\\\/wp_feeniks\\\/haastattelussa-feeniks-nettikoulun-toiminnanjohtaja\\\/\",\"url\":\"https:\\\/\\\/feeniks-koulu.fi\\\/wp_feeniks\\\/haastattelussa-feeniks-nettikoulun-toiminnanjohtaja\\\/\",\"name\":\"Haastattelussa Feeniks-nettikoulun toiminnanjohtaja - Feeniks-nettikoulu\",\"isPartOf\":{\"@id\":\"https:\\\/\\\/feeniks-koulu.fi\\\/wp_feeniks\\\/#website\"},\"primaryImageOfPage\":{\"@id\":\"https:\\\/\\\/feeniks-koulu.fi\\\/wp_feeniks\\\/haastattelussa-feeniks-nettikoulun-toiminnanjohtaja\\\/#primaryimage\"},\"image\":{\"@id\":\"https:\\\/\\\/feeniks-koulu.fi\\\/wp_feeniks\\\/haastattelussa-feeniks-nettikoulun-toiminnanjohtaja\\\/#primaryimage\"},\"thumbnailUrl\":\"https:\\\/\\\/feeniks-koulu.fi\\\/wp_feeniks\\\/wp-content\\\/uploads\\\/2026\\\/03\\\/milja_vaaka.jpg\",\"datePublished\":\"2026-03-12T18:30:41+00:00\",\"dateModified\":\"2026-03-12T19:43:26+00:00\",\"breadcrumb\":{\"@id\":\"https:\\\/\\\/feeniks-koulu.fi\\\/wp_feeniks\\\/haastattelussa-feeniks-nettikoulun-toiminnanjohtaja\\\/#breadcrumb\"},\"inLanguage\":\"fi\",\"potentialAction\":[{\"@type\":\"ReadAction\",\"target\":[\"https:\\\/\\\/feeniks-koulu.fi\\\/wp_feeniks\\\/haastattelussa-feeniks-nettikoulun-toiminnanjohtaja\\\/\"]}]},{\"@type\":\"ImageObject\",\"inLanguage\":\"fi\",\"@id\":\"https:\\\/\\\/feeniks-koulu.fi\\\/wp_feeniks\\\/haastattelussa-feeniks-nettikoulun-toiminnanjohtaja\\\/#primaryimage\",\"url\":\"https:\\\/\\\/feeniks-koulu.fi\\\/wp_feeniks\\\/wp-content\\\/uploads\\\/2026\\\/03\\\/milja_vaaka.jpg\",\"contentUrl\":\"https:\\\/\\\/feeniks-koulu.fi\\\/wp_feeniks\\\/wp-content\\\/uploads\\\/2026\\\/03\\\/milja_vaaka.jpg\",\"width\":1200,\"height\":966,\"caption\":\"Milja\"},{\"@type\":\"BreadcrumbList\",\"@id\":\"https:\\\/\\\/feeniks-koulu.fi\\\/wp_feeniks\\\/haastattelussa-feeniks-nettikoulun-toiminnanjohtaja\\\/#breadcrumb\",\"itemListElement\":[{\"@type\":\"ListItem\",\"position\":1,\"name\":\"Etusivu\",\"item\":\"https:\\\/\\\/feeniks-koulu.fi\\\/wp_feeniks\\\/\"},{\"@type\":\"ListItem\",\"position\":2,\"name\":\"Haastattelussa Feeniks-nettikoulun toiminnanjohtaja\"}]},{\"@type\":\"WebSite\",\"@id\":\"https:\\\/\\\/feeniks-koulu.fi\\\/wp_feeniks\\\/#website\",\"url\":\"https:\\\/\\\/feeniks-koulu.fi\\\/wp_feeniks\\\/\",\"name\":\"Feeniks-nettikoulu\",\"description\":\"\",\"publisher\":{\"@id\":\"https:\\\/\\\/feeniks-koulu.fi\\\/wp_feeniks\\\/#organization\"},\"potentialAction\":[{\"@type\":\"SearchAction\",\"target\":{\"@type\":\"EntryPoint\",\"urlTemplate\":\"https:\\\/\\\/feeniks-koulu.fi\\\/wp_feeniks\\\/?s={search_term_string}\"},\"query-input\":{\"@type\":\"PropertyValueSpecification\",\"valueRequired\":true,\"valueName\":\"search_term_string\"}}],\"inLanguage\":\"fi\"},{\"@type\":\"Organization\",\"@id\":\"https:\\\/\\\/feeniks-koulu.fi\\\/wp_feeniks\\\/#organization\",\"name\":\"Feeniks-nettikoulu\",\"url\":\"https:\\\/\\\/feeniks-koulu.fi\\\/wp_feeniks\\\/\",\"logo\":{\"@type\":\"ImageObject\",\"inLanguage\":\"fi\",\"@id\":\"https:\\\/\\\/feeniks-koulu.fi\\\/wp_feeniks\\\/#\\\/schema\\\/logo\\\/image\\\/\",\"url\":\"https:\\\/\\\/feeniks-koulu.fi\\\/wp_feeniks\\\/wp-content\\\/uploads\\\/2016\\\/08\\\/oranssi_pieni.png\",\"contentUrl\":\"https:\\\/\\\/feeniks-koulu.fi\\\/wp_feeniks\\\/wp-content\\\/uploads\\\/2016\\\/08\\\/oranssi_pieni.png\",\"width\":600,\"height\":187,\"caption\":\"Feeniks-nettikoulu\"},\"image\":{\"@id\":\"https:\\\/\\\/feeniks-koulu.fi\\\/wp_feeniks\\\/#\\\/schema\\\/logo\\\/image\\\/\"}},{\"@type\":\"Person\",\"@id\":\"https:\\\/\\\/feeniks-koulu.fi\\\/wp_feeniks\\\/#\\\/schema\\\/person\\\/4afa53a61e7dcd77cc3d7a28d1e988a2\",\"name\":\"feeniks\",\"image\":{\"@type\":\"ImageObject\",\"inLanguage\":\"fi\",\"@id\":\"https:\\\/\\\/secure.gravatar.com\\\/avatar\\\/f25850297c4df1f7ddba40d9c1d8fb398b3b110cee5ec9085a882bbcbf86bd00?s=96&d=mm&r=g\",\"url\":\"https:\\\/\\\/secure.gravatar.com\\\/avatar\\\/f25850297c4df1f7ddba40d9c1d8fb398b3b110cee5ec9085a882bbcbf86bd00?s=96&d=mm&r=g\",\"contentUrl\":\"https:\\\/\\\/secure.gravatar.com\\\/avatar\\\/f25850297c4df1f7ddba40d9c1d8fb398b3b110cee5ec9085a882bbcbf86bd00?s=96&d=mm&r=g\",\"caption\":\"feeniks\"},\"url\":\"https:\\\/\\\/feeniks-koulu.fi\\\/wp_feeniks\\\/author\\\/feeniks\\\/\"}]}<\/script>\n<!-- \/ Yoast SEO plugin. -->","yoast_head_json":{"title":"Haastattelussa Feeniks-nettikoulun toiminnanjohtaja - Feeniks-nettikoulu","robots":{"index":"index","follow":"follow","max-snippet":"max-snippet:-1","max-image-preview":"max-image-preview:large","max-video-preview":"max-video-preview:-1"},"canonical":"https:\/\/feeniks-koulu.fi\/wp_feeniks\/haastattelussa-feeniks-nettikoulun-toiminnanjohtaja\/","og_locale":"fi_FI","og_type":"article","og_title":"Haastattelussa Feeniks-nettikoulun toiminnanjohtaja - Feeniks-nettikoulu","og_description":"Haastattelussa Feeniks-nettikoulun toiminnanjohtaja: &#8221;Kotiopetus on rohkea valinta lapsen hyvinvoinnin tueksi&#8221; Reitti vapaaehtoisesta toiminnanjohtajaksi Miten p\u00e4\u00e4dyit Feeniks-nettikouluun ohjaajaksi? Olin ollut pitk\u00e4\u00e4n mukana Turun Feeniks-koulun toiminnassa ja tunsin sit\u00e4 kautta nettikoulun v\u00e4ke\u00e4. Jossain vaiheessa p\u00e4\u00e4tin kysell\u00e4, olisiko heill\u00e4 tarvetta uudelle ty\u00f6ntekij\u00e4lle. Aloitin ohjaajan ty\u00f6ss\u00e4 tekem\u00e4ll\u00e4 perheille opintosuunnitelmia, ja pikkuhiljaa polkuni johti nykyiseen pestiini toiminnanjohtajaksi. Oli hienoa p\u00e4\u00e4st\u00e4 [&hellip;]","og_url":"https:\/\/feeniks-koulu.fi\/wp_feeniks\/haastattelussa-feeniks-nettikoulun-toiminnanjohtaja\/","og_site_name":"Feeniks-nettikoulu","article_published_time":"2026-03-12T18:30:41+00:00","article_modified_time":"2026-03-12T19:43:26+00:00","og_image":[{"width":1200,"height":966,"url":"https:\/\/feeniks-koulu.fi\/wp_feeniks\/wp-content\/uploads\/2026\/03\/milja_vaaka.jpg","type":"image\/jpeg"}],"author":"feeniks","twitter_card":"summary_large_image","twitter_misc":{"Kirjoittanut":"feeniks","Arvioitu lukuaika":"6 minuuttia"},"schema":{"@context":"https:\/\/schema.org","@graph":[{"@type":"Article","@id":"https:\/\/feeniks-koulu.fi\/wp_feeniks\/haastattelussa-feeniks-nettikoulun-toiminnanjohtaja\/#article","isPartOf":{"@id":"https:\/\/feeniks-koulu.fi\/wp_feeniks\/haastattelussa-feeniks-nettikoulun-toiminnanjohtaja\/"},"author":{"name":"feeniks","@id":"https:\/\/feeniks-koulu.fi\/wp_feeniks\/#\/schema\/person\/4afa53a61e7dcd77cc3d7a28d1e988a2"},"headline":"Haastattelussa Feeniks-nettikoulun toiminnanjohtaja","datePublished":"2026-03-12T18:30:41+00:00","dateModified":"2026-03-12T19:43:26+00:00","mainEntityOfPage":{"@id":"https:\/\/feeniks-koulu.fi\/wp_feeniks\/haastattelussa-feeniks-nettikoulun-toiminnanjohtaja\/"},"wordCount":947,"publisher":{"@id":"https:\/\/feeniks-koulu.fi\/wp_feeniks\/#organization"},"image":{"@id":"https:\/\/feeniks-koulu.fi\/wp_feeniks\/haastattelussa-feeniks-nettikoulun-toiminnanjohtaja\/#primaryimage"},"thumbnailUrl":"https:\/\/feeniks-koulu.fi\/wp_feeniks\/wp-content\/uploads\/2026\/03\/milja_vaaka.jpg","articleSection":["Blogi"],"inLanguage":"fi"},{"@type":"WebPage","@id":"https:\/\/feeniks-koulu.fi\/wp_feeniks\/haastattelussa-feeniks-nettikoulun-toiminnanjohtaja\/","url":"https:\/\/feeniks-koulu.fi\/wp_feeniks\/haastattelussa-feeniks-nettikoulun-toiminnanjohtaja\/","name":"Haastattelussa Feeniks-nettikoulun toiminnanjohtaja - Feeniks-nettikoulu","isPartOf":{"@id":"https:\/\/feeniks-koulu.fi\/wp_feeniks\/#website"},"primaryImageOfPage":{"@id":"https:\/\/feeniks-koulu.fi\/wp_feeniks\/haastattelussa-feeniks-nettikoulun-toiminnanjohtaja\/#primaryimage"},"image":{"@id":"https:\/\/feeniks-koulu.fi\/wp_feeniks\/haastattelussa-feeniks-nettikoulun-toiminnanjohtaja\/#primaryimage"},"thumbnailUrl":"https:\/\/feeniks-koulu.fi\/wp_feeniks\/wp-content\/uploads\/2026\/03\/milja_vaaka.jpg","datePublished":"2026-03-12T18:30:41+00:00","dateModified":"2026-03-12T19:43:26+00:00","breadcrumb":{"@id":"https:\/\/feeniks-koulu.fi\/wp_feeniks\/haastattelussa-feeniks-nettikoulun-toiminnanjohtaja\/#breadcrumb"},"inLanguage":"fi","potentialAction":[{"@type":"ReadAction","target":["https:\/\/feeniks-koulu.fi\/wp_feeniks\/haastattelussa-feeniks-nettikoulun-toiminnanjohtaja\/"]}]},{"@type":"ImageObject","inLanguage":"fi","@id":"https:\/\/feeniks-koulu.fi\/wp_feeniks\/haastattelussa-feeniks-nettikoulun-toiminnanjohtaja\/#primaryimage","url":"https:\/\/feeniks-koulu.fi\/wp_feeniks\/wp-content\/uploads\/2026\/03\/milja_vaaka.jpg","contentUrl":"https:\/\/feeniks-koulu.fi\/wp_feeniks\/wp-content\/uploads\/2026\/03\/milja_vaaka.jpg","width":1200,"height":966,"caption":"Milja"},{"@type":"BreadcrumbList","@id":"https:\/\/feeniks-koulu.fi\/wp_feeniks\/haastattelussa-feeniks-nettikoulun-toiminnanjohtaja\/#breadcrumb","itemListElement":[{"@type":"ListItem","position":1,"name":"Etusivu","item":"https:\/\/feeniks-koulu.fi\/wp_feeniks\/"},{"@type":"ListItem","position":2,"name":"Haastattelussa Feeniks-nettikoulun toiminnanjohtaja"}]},{"@type":"WebSite","@id":"https:\/\/feeniks-koulu.fi\/wp_feeniks\/#website","url":"https:\/\/feeniks-koulu.fi\/wp_feeniks\/","name":"Feeniks-nettikoulu","description":"","publisher":{"@id":"https:\/\/feeniks-koulu.fi\/wp_feeniks\/#organization"},"potentialAction":[{"@type":"SearchAction","target":{"@type":"EntryPoint","urlTemplate":"https:\/\/feeniks-koulu.fi\/wp_feeniks\/?s={search_term_string}"},"query-input":{"@type":"PropertyValueSpecification","valueRequired":true,"valueName":"search_term_string"}}],"inLanguage":"fi"},{"@type":"Organization","@id":"https:\/\/feeniks-koulu.fi\/wp_feeniks\/#organization","name":"Feeniks-nettikoulu","url":"https:\/\/feeniks-koulu.fi\/wp_feeniks\/","logo":{"@type":"ImageObject","inLanguage":"fi","@id":"https:\/\/feeniks-koulu.fi\/wp_feeniks\/#\/schema\/logo\/image\/","url":"https:\/\/feeniks-koulu.fi\/wp_feeniks\/wp-content\/uploads\/2016\/08\/oranssi_pieni.png","contentUrl":"https:\/\/feeniks-koulu.fi\/wp_feeniks\/wp-content\/uploads\/2016\/08\/oranssi_pieni.png","width":600,"height":187,"caption":"Feeniks-nettikoulu"},"image":{"@id":"https:\/\/feeniks-koulu.fi\/wp_feeniks\/#\/schema\/logo\/image\/"}},{"@type":"Person","@id":"https:\/\/feeniks-koulu.fi\/wp_feeniks\/#\/schema\/person\/4afa53a61e7dcd77cc3d7a28d1e988a2","name":"feeniks","image":{"@type":"ImageObject","inLanguage":"fi","@id":"https:\/\/secure.gravatar.com\/avatar\/f25850297c4df1f7ddba40d9c1d8fb398b3b110cee5ec9085a882bbcbf86bd00?s=96&d=mm&r=g","url":"https:\/\/secure.gravatar.com\/avatar\/f25850297c4df1f7ddba40d9c1d8fb398b3b110cee5ec9085a882bbcbf86bd00?s=96&d=mm&r=g","contentUrl":"https:\/\/secure.gravatar.com\/avatar\/f25850297c4df1f7ddba40d9c1d8fb398b3b110cee5ec9085a882bbcbf86bd00?s=96&d=mm&r=g","caption":"feeniks"},"url":"https:\/\/feeniks-koulu.fi\/wp_feeniks\/author\/feeniks\/"}]}},"_links":{"self":[{"href":"https:\/\/feeniks-koulu.fi\/wp_feeniks\/wp-json\/wp\/v2\/posts\/1435","targetHints":{"allow":["GET"]}}],"collection":[{"href":"https:\/\/feeniks-koulu.fi\/wp_feeniks\/wp-json\/wp\/v2\/posts"}],"about":[{"href":"https:\/\/feeniks-koulu.fi\/wp_feeniks\/wp-json\/wp\/v2\/types\/post"}],"author":[{"embeddable":true,"href":"https:\/\/feeniks-koulu.fi\/wp_feeniks\/wp-json\/wp\/v2\/users\/1"}],"replies":[{"embeddable":true,"href":"https:\/\/feeniks-koulu.fi\/wp_feeniks\/wp-json\/wp\/v2\/comments?post=1435"}],"version-history":[{"count":7,"href":"https:\/\/feeniks-koulu.fi\/wp_feeniks\/wp-json\/wp\/v2\/posts\/1435\/revisions"}],"predecessor-version":[{"id":1443,"href":"https:\/\/feeniks-koulu.fi\/wp_feeniks\/wp-json\/wp\/v2\/posts\/1435\/revisions\/1443"}],"wp:featuredmedia":[{"embeddable":true,"href":"https:\/\/feeniks-koulu.fi\/wp_feeniks\/wp-json\/wp\/v2\/media\/1444"}],"wp:attachment":[{"href":"https:\/\/feeniks-koulu.fi\/wp_feeniks\/wp-json\/wp\/v2\/media?parent=1435"}],"wp:term":[{"taxonomy":"category","embeddable":true,"href":"https:\/\/feeniks-koulu.fi\/wp_feeniks\/wp-json\/wp\/v2\/categories?post=1435"},{"taxonomy":"post_tag","embeddable":true,"href":"https:\/\/feeniks-koulu.fi\/wp_feeniks\/wp-json\/wp\/v2\/tags?post=1435"}],"curies":[{"name":"wp","href":"https:\/\/api.w.org\/{rel}","templated":true}]}}